{"id":125,"date":"2007-04-19T12:10:19","date_gmt":"2007-04-19T10:10:19","guid":{"rendered":"http:\/\/www.jan-bosschaart.de\/wordpress\/?p=125"},"modified":"2008-06-17T12:13:15","modified_gmt":"2008-06-17T10:13:15","slug":"ein-halbes-leben-unter-rentnern","status":"publish","type":"post","link":"https:\/\/www.bosschaart.de\/blog\/?p=125","title":{"rendered":"Ein halbes Leben unter Rentnern"},"content":{"rendered":"<p><strong>Erich Pfeil ist der dienst\u00e4lteste Bewohner im Wildauer Seniorenheim<\/strong><\/p>\n<p>WILDAU Wer ins Seniorenheim geht, hat oft nur noch eine sehr \u00fcberschaubare Lebenszeit vor sich. Nicht unbedingt eine schlechte, aber eine \u00fcberschaubare. Als Erich Pfeil am 18. April 1972 ins \u201eFeierabendheim Dr. Georg Benjamin\u201c geht, ist der gleichaltrige Erich Honnecker gerade Erster Sekret\u00e4r des Zentralkomitees der SED geworden. In M\u00fcnchen finden im selben Jahr Olympische Spiele statt, Willy Brandt \u00fcbersteht in Bonn ein Misstrauensvotum, und in den USA ersch\u00fcttert der Watergate-Skandal das Wei\u00dfe Haus. Heute, 35 Jahre sp\u00e4ter, ist das alles l\u00e4ngst Geschichte. Erich Pfeil aber wohnt immer noch in jenem Haus, das mittlerweile Seniorenheim Wildau hei\u00dft. Genau genommen ist es seit dem Umbau 1997 auch nicht mehr das gleiche Haus. Erich Pfeil bekam ein neues, gr\u00f6\u00dferes, sch\u00f6neres Zimmer. Er ist mittlerweile 85 Jahre alt, die Gesundheit machte es n\u00f6tig, dass er schon mit knapp 50 Jahren ins Feierabendheim ging, auch, weil Verwandte fehlten, die sich um ihn k\u00fcmmern konnten. <\/p>\n<p>Viele Schwestern, die ihn heute betreuen, haben noch gar nicht gelebt, als Pfeil ins Heim kam. Unz\u00e4hlige Mitarbeiter hat er kommen und gehen sehen, nur zwei oder drei waren schon dort t\u00e4tig, als Erich Pfeil mit seinem abgewetzten Koffer einzog. Von den damaligen Bewohnern lebt kein einziger mehr. Mit gro\u00dfem Bahnhof wurde das Jubil\u00e4um gestern begangen. F\u00fcr Erich Pfeil gab es ein Glas Sekt, viele gute W\u00fcnsche und freie Wahl beim Mittagessen. \u201eEr hat sich G\u00e4nsekeule gew\u00fcnscht\u201c, sagt Heimleiterassistentin Petra Furmanek. Die Mitbewohner werden es ihm g\u00f6nnen. Pfeil sei sehr beliebt, habe fr\u00fcher, soweit er konnte, viel mit angepackt und sei gern mit anderen an der frischen Luft, ist zu erfahren. <\/p>\n<p>Gro\u00dfe W\u00fcnsche habe er nicht mehr, verr\u00e4t Erich Pfeil, der manchmal etwas M\u00fche hat, dem Gespr\u00e4ch zu folgen. Aber ans Schwarze Meer, da w\u00fcrde er gern mal hin. Sein Urlaubsschein liege in der Direktion schon lange vor, erkl\u00e4rt er mit einem L\u00e4cheln. Schwer zu sagen, ob das als Scherz gedacht ist.<\/p>\n<p><em>Erschienen am 19.04.2007<\/em><\/p>\n","protected":false},"excerpt":{"rendered":"<p>Erich Pfeil ist der dienst\u00e4lteste Bewohner im Wildauer Seniorenheim WILDAU Wer ins Seniorenheim geht, hat oft nur noch eine sehr \u00fcberschaubare Lebenszeit vor sich. Nicht unbedingt eine schlechte, aber eine \u00fcberschaubare. Als Erich Pfeil am 18. April 1972 ins \u201eFeierabendheim Dr. Georg Benjamin\u201c geht, ist der gleichaltrige Erich Honnecker gerade Erster Sekret\u00e4r des Zentralkomitees der [&hellip;]<\/p>\n","protected":false},"author":1,"featured_media":0,"comment_status":"open","ping_status":"open","sticky":false,"template":"","format":"standard","meta":{"jetpack_post_was_ever_published":false,"_jetpack_newsletter_access":"","_jetpack_dont_email_post_to_subs":false,"_jetpack_newsletter_tier_id":0,"_jetpack_memberships_contains_paywalled_content":false,"_jetpack_memberships_contains_paid_content":false,"footnotes":"","jetpack_publicize_message":"","jetpack_publicize_feature_enabled":true,"jetpack_social_post_already_shared":false,"jetpack_social_options":{"image_generator_settings":{"template":"highway","default_image_id":0,"font":"","enabled":false},"version":2}},"categories":[20,10,15,3,21,33,29,31,27],"tags":[],"class_list":["post-125","post","type-post","status-publish","format-standard","hentry","category-bericht","category-dk","category-feature","category-maz","category-portrait","category-stilform","category-toho","category-publishedin","category-rating"],"jetpack_publicize_connections":[],"jetpack_featured_media_url":"","jetpack_sharing_enabled":true,"jetpack_shortlink":"https:\/\/wp.me\/p2HHro-21","jetpack_likes_enabled":false,"_links":{"self":[{"href":"https:\/\/www.bosschaart.de\/blog\/index.php?rest_route=\/wp\/v2\/posts\/125","targetHints":{"allow":["GET"]}}],"collection":[{"href":"https:\/\/www.bosschaart.de\/blog\/index.php?rest_route=\/wp\/v2\/posts"}],"about":[{"href":"https:\/\/www.bosschaart.de\/blog\/index.php?rest_route=\/wp\/v2\/types\/post"}],"author":[{"embeddable":true,"href":"https:\/\/www.bosschaart.de\/blog\/index.php?rest_route=\/wp\/v2\/users\/1"}],"replies":[{"embeddable":true,"href":"https:\/\/www.bosschaart.de\/blog\/index.php?rest_route=%2Fwp%2Fv2%2Fcomments&post=125"}],"version-history":[{"count":0,"href":"https:\/\/www.bosschaart.de\/blog\/index.php?rest_route=\/wp\/v2\/posts\/125\/revisions"}],"wp:attachment":[{"href":"https:\/\/www.bosschaart.de\/blog\/index.php?rest_route=%2Fwp%2Fv2%2Fmedia&parent=125"}],"wp:term":[{"taxonomy":"category","embeddable":true,"href":"https:\/\/www.bosschaart.de\/blog\/index.php?rest_route=%2Fwp%2Fv2%2Fcategories&post=125"},{"taxonomy":"post_tag","embeddable":true,"href":"https:\/\/www.bosschaart.de\/blog\/index.php?rest_route=%2Fwp%2Fv2%2Ftags&post=125"}],"curies":[{"name":"wp","href":"https:\/\/api.w.org\/{rel}","templated":true}]}}