{"id":1539,"date":"2009-11-09T00:00:15","date_gmt":"2009-11-08T23:00:15","guid":{"rendered":"http:\/\/www.jan-bosschaart.de\/wp\/?p=1539"},"modified":"2014-04-03T18:22:21","modified_gmt":"2014-04-03T17:22:21","slug":"im-brennpunkt-der-geschichte","status":"publish","type":"post","link":"https:\/\/www.bosschaart.de\/blog\/?p=1539","title":{"rendered":"Im Brennpunkt der Geschichte"},"content":{"rendered":"<p><strong>Mauerfall: Potsdam erinnerte vielerorts an den 9. November \/ Villa Sch\u00f6ningen er\u00f6ffnet<\/strong><\/p>\n<p><em>Zum 20. Jubil\u00e4um des Mauerfalls kamen Gorbatschow, Kissinger, Genscher und die Bundeskanzlerin in die Villa Sch\u00f6ningen. Am Griebnitzsee liefen B\u00fcrger den einstigen Grenzstreifen ab.<\/em><\/p>\n<p>Niemand wurde geschont an diesem Abend. Nicht einmal Hausherr und Springer-Vorstand Mathias D\u00f6pfner. \u201eSagen Sie mal, wo arbeiten Sie eigentlich?\u201c schallte es aus dem Pulk der Kameraleute und Fotografen, die dar\u00fcber ver\u00e4rgert waren, dass D\u00f6pfner, der rund zwei Meter misst, mit seiner imposanten Erscheinung Angela Merkel beim Signieren eines Mauerst\u00fccks vor der Villa Sch\u00f6ningen glatt verdeckte. Sie als Medienprofi, sollte das hei\u00dfen, m\u00fcssten es doch besser wissen \u2013 zumal wegen galoppierender Platznot angesichts von 500 hochkar\u00e4tigen G\u00e4sten ohnehin kaum ein Journalist Zugang zu den Hallen erhielt, in denen ab heute ein Museum \u00fcber die Glienicker Br\u00fccke, den Agentenaustausch, die Mauer und die wechselvolle Geschichte der Villa allen Interessierten offen steht.<br \/>\nEs war wohl die gr\u00f6\u00dfte Ansammlung politischer Prominenz in Potsdam seit der Potsdamer Konferenz: Zur Er\u00f6ffnung kamen nicht nur die Bundeskanzlerin und Au\u00dfenminister Guido Westerwelle, auch Ex-Au\u00dfenminister Hans-Dietrich Genscher, Ex-US-Au\u00dfenminister Henry Kissinger und der ehemalige sowjetische Pr\u00e4sident Michail Gorbatschow sowie Polens Au\u00dfenminister Radoslaw Sikorski signierten das Mauerst\u00fcck und verschwanden dann in der hoffnungslos \u00fcberf\u00fcllten Villa, flankiert von der Spitze der deutschen Medien-, Kultur- und Wirtschaftsprominenz. Die Kanzlerin war gar mit vereinzelten \u201eAngie\u201c-Rufen begr\u00fc\u00dft worden, die Friedensnobelpreistr\u00e4ger Kissinger und Gorbatschow ernteten Applaus von zahlreichen Schaulustigen in der Schwanenallee.<br \/>\nW\u00e4hrend sich der 86-j\u00e4hrige Kissinger in seiner Rede vor allem der bedeutenden Zeit, in der er amtierte \u2013 und damit seiner eigenen Bedeutung \u2013 vergewisserte, Angela Merkel das private Engagement D\u00f6pfners f\u00fcr das Museum lobte und \u00fcber die Rolle der Glienicker Br\u00fccke reflektierte, erntete der polnische Au\u00dfenminister den gr\u00f6\u00dften Beifall: Er habe beim Feiern auf der Mauer 1989 gemischte Gef\u00fchle gehabt, bekannte Sikorski: Einerseits habe er sich \u00fcber das Ende des Kommunismus gefreut und andererseits ein wenig vor dem vereinten Deutschland gef\u00fcrchtet. Doch das sei unn\u00f6tig gewesen, heute leite die Bundesrepublik als \u201eeinflussreichstes Land Europas\u201c durch gutes Beispiel. \u201eEs gelang gemeinsam\u201c, sagte Sikorski auf deutsch, auch auf die Leistungen der polnischen Solidarnosc-Gewerkschaft anspielend.<br \/>\nDie Museums-Er\u00f6ffnung war nicht das einzige Ereignis, das am Vorabend des 20. Jahrestags an den Fall der Mauer erinnerte. Am Mauerst\u00fcck in der Stubenrauchstra\u00dfe trafen sich auf Einladung der F\u00f6rdergemeinschaft Lindenstra\u00dfe mehr als 100 Potsdamer, um die \u201ewichtigste Meile der Nachkriegsgeschichte\u201c, wie Bob Bahra in seiner Begr\u00fc\u00dfung sagte, abzuwandern. Das \u201egrellwei\u00dfe Monstrum, das unser Leben auf Jahre verschattete und verdunkelte\u201c (Bahra) war der Ausgangspunkt f\u00fcr die rund einst\u00fcndige Wanderung am Griebnitzseeufer entlang, die nur von gesperrten Ufergrundst\u00fccken unterbrochen wurde. Mit vorneweg marschierte Linken-Fraktionschef Hans-J\u00fcrgen Scharfenberg. Im Treffpunkt Freizeit berichteten Zeitzeugen, wie sie die Wendezeit erlebten \u2013 vom jungen Mann, der noch am 1. November in die NVA eingezogen wurde und bis zum 31. Dezember gar keinen Ausgang bekam, bis zur Westberliner Studentin, die flugs ihren Traum verwirklichte, einmal unter dem Brandenburger Tor zu stehen. Die Kinder und ihre Eltern h\u00f6rten gebannt zu.<\/p>\n<p><em>Erschienen am 09.11.2009<\/em><\/p>\n","protected":false},"excerpt":{"rendered":"<p>Mauerfall: Potsdam erinnerte vielerorts an den 9. November \/ Villa Sch\u00f6ningen er\u00f6ffnet Zum 20. Jubil\u00e4um des Mauerfalls kamen Gorbatschow, Kissinger, Genscher und die Bundeskanzlerin in die Villa Sch\u00f6ningen. Am Griebnitzsee liefen B\u00fcrger den einstigen Grenzstreifen ab. Niemand wurde geschont an diesem Abend. Nicht einmal Hausherr und Springer-Vorstand Mathias D\u00f6pfner. \u201eSagen Sie mal, wo arbeiten Sie [&hellip;]<\/p>\n","protected":false},"author":1,"featured_media":0,"comment_status":"open","ping_status":"open","sticky":false,"template":"","format":"standard","meta":{"jetpack_post_was_ever_published":false,"_jetpack_newsletter_access":"","_jetpack_dont_email_post_to_subs":false,"_jetpack_newsletter_tier_id":0,"_jetpack_memberships_contains_paywalled_content":false,"_jetpack_memberships_contains_paid_content":false,"footnotes":"","jetpack_publicize_message":"","jetpack_publicize_feature_enabled":true,"jetpack_social_post_already_shared":false,"jetpack_social_options":{"image_generator_settings":{"template":"highway","default_image_id":0,"font":"","enabled":false},"version":2}},"categories":[20,15,11,33,29,31,27],"tags":[],"class_list":["post-1539","post","type-post","status-publish","format-standard","hentry","category-bericht","category-feature","category-pdm","category-stilform","category-toho","category-publishedin","category-rating"],"jetpack_publicize_connections":[],"jetpack_featured_media_url":"","jetpack_sharing_enabled":true,"jetpack_shortlink":"https:\/\/wp.me\/p2HHro-oP","jetpack_likes_enabled":false,"_links":{"self":[{"href":"https:\/\/www.bosschaart.de\/blog\/index.php?rest_route=\/wp\/v2\/posts\/1539","targetHints":{"allow":["GET"]}}],"collection":[{"href":"https:\/\/www.bosschaart.de\/blog\/index.php?rest_route=\/wp\/v2\/posts"}],"about":[{"href":"https:\/\/www.bosschaart.de\/blog\/index.php?rest_route=\/wp\/v2\/types\/post"}],"author":[{"embeddable":true,"href":"https:\/\/www.bosschaart.de\/blog\/index.php?rest_route=\/wp\/v2\/users\/1"}],"replies":[{"embeddable":true,"href":"https:\/\/www.bosschaart.de\/blog\/index.php?rest_route=%2Fwp%2Fv2%2Fcomments&post=1539"}],"version-history":[{"count":1,"href":"https:\/\/www.bosschaart.de\/blog\/index.php?rest_route=\/wp\/v2\/posts\/1539\/revisions"}],"predecessor-version":[{"id":1540,"href":"https:\/\/www.bosschaart.de\/blog\/index.php?rest_route=\/wp\/v2\/posts\/1539\/revisions\/1540"}],"wp:attachment":[{"href":"https:\/\/www.bosschaart.de\/blog\/index.php?rest_route=%2Fwp%2Fv2%2Fmedia&parent=1539"}],"wp:term":[{"taxonomy":"category","embeddable":true,"href":"https:\/\/www.bosschaart.de\/blog\/index.php?rest_route=%2Fwp%2Fv2%2Fcategories&post=1539"},{"taxonomy":"post_tag","embeddable":true,"href":"https:\/\/www.bosschaart.de\/blog\/index.php?rest_route=%2Fwp%2Fv2%2Ftags&post=1539"}],"curies":[{"name":"wp","href":"https:\/\/api.w.org\/{rel}","templated":true}]}}