{"id":2033,"date":"2010-05-07T00:00:20","date_gmt":"2010-05-06T23:00:20","guid":{"rendered":"http:\/\/www.bosschaart.de\/blog\/?p=2033"},"modified":"2011-03-28T17:44:47","modified_gmt":"2011-03-28T16:44:47","slug":"clever-oder","status":"publish","type":"post","link":"https:\/\/www.bosschaart.de\/blog\/?p=2033","title":{"rendered":"&#8222;Clever, oder?&#8220;"},"content":{"rendered":"<p><strong>Satire: Ein Interview mit Staatssekret\u00e4r Steffen Kampeter zum Griebnitzseeufer, das nie stattgefunden hat<\/strong><\/p>\n<p><em>Steffen Kampeter (CDU) ist Staatssekret\u00e4r im Finanzministerium. Jan Bosschaart h\u00e4tte gern mit ihm \u00fcber den Uferweg gesprochen.<\/em><\/p>\n<p><em><strong>MAZ:<\/strong> Herr Kampeter, seit Wochen bitten wir um ein Interview, aber Sie haben partout keine Zeit. Wir haben daher beschlossen, uns nicht nur ein paar Fragen, sondern gleich auch Ihre Antworten auszudenken. Geht das in Ordnung?<\/em><br \/>\n<strong>Steffen Kampeter:<\/strong> Lieb ist mir das nicht, aber ich kann wohl wenig dagegen tun. Also fangen Sie schon an.<\/p>\n<p><em>Danke! Sie haben sich im Bundestag schon 2005 f\u00fcr den Griebnitzsee interessiert, da waren sie noch einfacher Abgeordneter aus Minden\/Westfalen \u2013 woher das Engagement?<\/em><br \/>\n<strong>Kampeter:<\/strong> Das hat mit meinem alten Kumpel Balthy zu tun. Balthasar Schramm. Der wohnt am Uferweg. Wir kennen uns noch aus meiner Lobbyisten-Zeit: Er war als Sony-Chef ein hohes Tier in der Musikindustrie, ich Vorsitzender des Dialogforums Musikwirtschaft der CDU. Waren tolle Tage, damals, nur wurde der Balthy immer trauriger. \u201eSteffen\u201c, seufzte er im Sonnenuntergang beim Wein auf seiner Seeterrasse, \u201eda unten laufen Leute \u00fcber mein Grundst\u00fcck, du musst was tun.\u201c<\/p>\n<p><em>Ihre kleine Anfrage im Bundestag blieb ohne gro\u00dfe Wirkung.<\/em><br \/>\n<strong>Kampeter:<\/strong> Ja, aber der Balthy hat sich letztlich selbst helfen k\u00f6nnen. Gott sei Dank verboten die Richter am Oberlandesgericht ja den P\u00f6bel zwischen Terrasse und Bootssteg.<\/p>\n<p><em>Doch jetzt k\u00f6nnen Sie wirklich helfen &#8230;<\/em><br \/>\n<strong>Kampeter:<\/strong> Genau! Die Stadt will 3,2 Hektar Uferland vom Bund kaufen, um ihre Ausgangsposition im Streit um den Weg zu verbessern. Der Deal w\u00e4re um ein Haar durchgewesen. Mittlerweile bin ich aber Staatssekret\u00e4r. Mein Minister hat mit Griechenland zu tun, da konnte ich den Verkauf an die Stadt stoppen \u2013 wegen Haushaltsbedenken. Clever, oder?<\/p>\n<p><em>Sie wollen, dass der Bund die Grundst\u00fccke am Markt anbietet, damit eine interessierte Sperrergruppe kaufen kann?<\/em><br \/>\n<strong>Kampeter:<\/strong> Stimmt. Gl\u00fccklicherweise sind sogar ein paar Argumente auf unserer Seite: Schlie\u00dflich verdient der Bund dann mehr. Die klamme Stadt kann nicht mitpokern. Der Weg w\u00e4re damit erledigt.<\/p>\n<p><em>Dumm nur, dass die Haushaltsordnung ihres Ministeriums den Kommunen bei Eigeninteresse ein Vorrecht beim Fl\u00e4chenkauf einr\u00e4umt.<\/em><br \/>\n<strong>Kampeter:<\/strong> Ach wissen Sie, Papier ist geduldig. Hinter echte M\u00e4nnerfreundschaft m\u00fcssen Richtlinien mal zur\u00fccktreten. Schon der Name \u201eRichtlinie\u201c deutet ja an, dass man sich danach \u201erichten\u201c kann und nicht sklavisch jeden Buchstaben befolgen muss. Auf Linien kann man in gegens\u00e4tzlichen Richtungen gehen, und man kann Richtlinien ab\u00e4ndern. Alles kein Problem.<\/p>\n<p><em>Und das Gutachten dieses Professors aus Speyer, das die Rechtsauffassung der Stadt in der Kauffrage st\u00fctzt?<\/em><br \/>\n<strong>Kampeter:<\/strong> &#8230; ist rausgeworfenes Geld. Wir k\u00f6nnen flugs zwei Gegengutachten zaubern. Die Stadt t\u00e4te besser daran, ihr bisschen Kohle f\u00fcr andere Zwecke einzusetzen.<\/p>\n<p><em>Tja, dann danke f\u00fcr dieses sehr offene Gespr\u00e4ch!<\/em><br \/>\n<strong>Kampeter:<\/strong> Gern! Tat gut, so ungeschminkt zu reden.<\/p>\n<p><em>Erschienen am 07.05.2010<\/em><\/p>\n","protected":false},"excerpt":{"rendered":"<p>Satire: Ein Interview mit Staatssekret\u00e4r Steffen Kampeter zum Griebnitzseeufer, das nie stattgefunden hat Steffen Kampeter (CDU) ist Staatssekret\u00e4r im Finanzministerium. Jan Bosschaart h\u00e4tte gern mit ihm \u00fcber den Uferweg gesprochen. MAZ: Herr Kampeter, seit Wochen bitten wir um ein Interview, aber Sie haben partout keine Zeit. Wir haben daher beschlossen, uns nicht nur ein paar [&hellip;]<\/p>\n","protected":false},"author":1,"featured_media":0,"comment_status":"open","ping_status":"open","sticky":false,"template":"","format":"standard","meta":{"jetpack_post_was_ever_published":false,"_jetpack_newsletter_access":"","_jetpack_dont_email_post_to_subs":false,"_jetpack_newsletter_tier_id":0,"_jetpack_memberships_contains_paywalled_content":false,"_jetpack_memberships_contains_paid_content":false,"footnotes":"","jetpack_publicize_message":"","jetpack_publicize_feature_enabled":true,"jetpack_social_post_already_shared":false,"jetpack_social_options":{"image_generator_settings":{"template":"highway","default_image_id":0,"font":"","enabled":false},"version":2}},"categories":[17,19,3,11,33,29,31,27],"tags":[],"class_list":["post-2033","post","type-post","status-publish","format-standard","hentry","category-glosse","category-interview","category-maz","category-pdm","category-stilform","category-toho","category-publishedin","category-rating"],"jetpack_publicize_connections":[],"jetpack_featured_media_url":"","jetpack_sharing_enabled":true,"jetpack_shortlink":"https:\/\/wp.me\/p2HHro-wN","jetpack_likes_enabled":false,"_links":{"self":[{"href":"https:\/\/www.bosschaart.de\/blog\/index.php?rest_route=\/wp\/v2\/posts\/2033","targetHints":{"allow":["GET"]}}],"collection":[{"href":"https:\/\/www.bosschaart.de\/blog\/index.php?rest_route=\/wp\/v2\/posts"}],"about":[{"href":"https:\/\/www.bosschaart.de\/blog\/index.php?rest_route=\/wp\/v2\/types\/post"}],"author":[{"embeddable":true,"href":"https:\/\/www.bosschaart.de\/blog\/index.php?rest_route=\/wp\/v2\/users\/1"}],"replies":[{"embeddable":true,"href":"https:\/\/www.bosschaart.de\/blog\/index.php?rest_route=%2Fwp%2Fv2%2Fcomments&post=2033"}],"version-history":[{"count":4,"href":"https:\/\/www.bosschaart.de\/blog\/index.php?rest_route=\/wp\/v2\/posts\/2033\/revisions"}],"predecessor-version":[{"id":2691,"href":"https:\/\/www.bosschaart.de\/blog\/index.php?rest_route=\/wp\/v2\/posts\/2033\/revisions\/2691"}],"wp:attachment":[{"href":"https:\/\/www.bosschaart.de\/blog\/index.php?rest_route=%2Fwp%2Fv2%2Fmedia&parent=2033"}],"wp:term":[{"taxonomy":"category","embeddable":true,"href":"https:\/\/www.bosschaart.de\/blog\/index.php?rest_route=%2Fwp%2Fv2%2Fcategories&post=2033"},{"taxonomy":"post_tag","embeddable":true,"href":"https:\/\/www.bosschaart.de\/blog\/index.php?rest_route=%2Fwp%2Fv2%2Ftags&post=2033"}],"curies":[{"name":"wp","href":"https:\/\/api.w.org\/{rel}","templated":true}]}}