{"id":2147,"date":"2010-07-15T00:00:55","date_gmt":"2010-07-14T23:00:55","guid":{"rendered":"http:\/\/www.bosschaart.de\/blog\/?p=2147"},"modified":"2010-07-16T20:23:59","modified_gmt":"2010-07-16T19:23:59","slug":"recht-und-ordnung","status":"publish","type":"post","link":"https:\/\/www.bosschaart.de\/blog\/?p=2147","title":{"rendered":"Recht und Ordnung"},"content":{"rendered":"<p>Wahlkampf: eine tolle Zeit, in der als Kandidaten missverstandene Trivialsatzquellen den B\u00fcrger als wertvollen Mitmenschen (vulgo: Stimmvieh) entdecken und h\u00fcbsche Bildlein huldvoll l\u00e4chelnder Aspiranten an die Laternenmasten tackern. Diese Plakate sind dann so informativ wie Fotos im Kochbuch: Man erf\u00e4hrt nur, was bestenfalls herausk\u00e4me, aber es ger\u00e4t nie wirklich so. Daher sollten wir den Linken dankbar sein, dass sie im dr\u00e4uenden Oberb\u00fcrgermeisterwahlkampf die Zahl der Kandidatenkonterfeis auf 500 reduziert wissen m\u00f6chte. Doch was ist das Kalk\u00fcl dahinter? Andernorts k\u00e4me \u00f6kologische Anbiederei an die Gr\u00fcnen infrage. In Potsdam nicht. Dort sind die Gr\u00fcnen eine St\u00e4dtebau- und Pflasterpartei und in diesen beiden Punkten von den Linken weiter entfernt als die Drewitzer vom Konrad-Wolff-Park. B\u00f6se Zungen mutma\u00dfen nun, dank der \u00dcberalterung in der Linken fehlen Menschen, die fit genug w\u00e4ren, mit dem Plakat in der Hand eine Leiter zu besteigen. Diese Idee hat allein ob ihrer Boshaftigkeit einen gewissen Charme. Doch der vehemente Einsatz f\u00fcrs Jugendzentrum \u201eFreiland\u201c machte ja auch ein paar beh\u00e4nde Kletterer unterhalb der 80-Jahre-Grenze zumindest zu Sympathisanten. Sie m\u00fcssen also anderes im Schilde f\u00fchren, diese Linken.<br \/>\nM\u00f6glicherweise hilft eine nicht mehr ganz taufrische Meldung aus dem Rathaus weiter: Darin wird vor Studenten gewarnt, die im Sperrm\u00fcll kramen. Nicht, weil vom Baf\u00f6g heute keiner mehr zu Ikea gehen kann, sondern \u2013 doch, wirklich: wegen des Klimawandels und der Nachhaltigkeit. In diesem Projekt werden Sperrm\u00fcllm\u00f6belst\u00fccke nachhaltig und klimaneutral fotografiert. Ganz der \u00f6ffentlichen Ordnung und Sicherheit verpflichtet, beeilte sich die Stadt, Massenpaniken vorzubeugen: Die wilden Studis n\u00e4hern sich nur angemeldeten Sperrm\u00fcllhaufen, war zu lesen, sie stellten auch alles \u201eordnungsgem\u00e4\u00df\u201c zur\u00fcck. Selbst dem Datenschutz ist Gen\u00fcge getan: Weder dem Besitzer noch dem Grundst\u00fcck k\u00f6nnen die \u201eSperrm\u00fcllgegenst\u00e4nde\u201c am Ende zugeordnet werden, das ist beh\u00f6rdlich garantiert. Und um ganz sicher zu gehen, schloss die Nachricht mit dem dringenden Appell: \u201eSollten Sie Studenten beim Fotografieren eines Sperrm\u00fcllhaufens sehen, rufen Sie nicht gleich die Ordnungsh\u00fcter herbei!\u201c Hoffentlich verf\u00fcgen die Potsdamer \u00fcber ein ausreichend robustes Nervenkost\u00fcm, um dieser lax dahingeworfenen Anrufung Folge zu leisten. W\u00e4re ja doch bl\u00f6d, wenn GSG-9, Verfassungsschutz und Bombenr\u00e4umkommandos mehrfach anr\u00fccken m\u00fcssten, weil sich Chaoten an angemeldeten (!) Sperrm\u00fcllhaufen zu schaffen machen. Jetzt, endlich, verstehen wir auch die Linke. Was w\u00fcrde nur geschehen, wenn pl\u00f6tzlich \u00fcberall Genossen an den Masten klebten, um ihren Hans-J\u00fcrgen zu plakatieren? W\u00e4ren es angemeldete Masten? W\u00fcrden sie danach alles wieder ordnungsgem\u00e4\u00df zur\u00fcckstellen? K\u00f6nnten die Plakate nicht dem Abgebildeten zugeordnet werden? Ist schon eine wilde Zeit, dieser Wahlkampf. Recht und Ordnung sind quasi aufgehoben. <\/p>\n","protected":false},"excerpt":{"rendered":"<p>Wahlkampf: eine tolle Zeit, in der als Kandidaten missverstandene Trivialsatzquellen den B\u00fcrger als wertvollen Mitmenschen (vulgo: Stimmvieh) entdecken und h\u00fcbsche Bildlein huldvoll l\u00e4chelnder Aspiranten an die Laternenmasten tackern. Diese Plakate sind dann so informativ wie Fotos im Kochbuch: Man erf\u00e4hrt nur, was bestenfalls herausk\u00e4me, aber es ger\u00e4t nie wirklich so. Daher sollten wir den Linken [&hellip;]<\/p>\n","protected":false},"author":1,"featured_media":0,"comment_status":"open","ping_status":"open","sticky":false,"template":"","format":"standard","meta":{"jetpack_post_was_ever_published":false,"_jetpack_newsletter_access":"","_jetpack_dont_email_post_to_subs":false,"_jetpack_newsletter_tier_id":0,"_jetpack_memberships_contains_paywalled_content":false,"_jetpack_memberships_contains_paid_content":false,"footnotes":"","jetpack_publicize_message":"","jetpack_publicize_feature_enabled":true,"jetpack_social_post_already_shared":false,"jetpack_social_options":{"image_generator_settings":{"template":"highway","default_image_id":0,"font":"","enabled":false},"version":2}},"categories":[17,3,11,33,29,31,27],"tags":[],"class_list":["post-2147","post","type-post","status-publish","format-standard","hentry","category-glosse","category-maz","category-pdm","category-stilform","category-toho","category-publishedin","category-rating"],"jetpack_publicize_connections":[],"jetpack_featured_media_url":"","jetpack_sharing_enabled":true,"jetpack_shortlink":"https:\/\/wp.me\/p2HHro-yD","jetpack_likes_enabled":false,"_links":{"self":[{"href":"https:\/\/www.bosschaart.de\/blog\/index.php?rest_route=\/wp\/v2\/posts\/2147","targetHints":{"allow":["GET"]}}],"collection":[{"href":"https:\/\/www.bosschaart.de\/blog\/index.php?rest_route=\/wp\/v2\/posts"}],"about":[{"href":"https:\/\/www.bosschaart.de\/blog\/index.php?rest_route=\/wp\/v2\/types\/post"}],"author":[{"embeddable":true,"href":"https:\/\/www.bosschaart.de\/blog\/index.php?rest_route=\/wp\/v2\/users\/1"}],"replies":[{"embeddable":true,"href":"https:\/\/www.bosschaart.de\/blog\/index.php?rest_route=%2Fwp%2Fv2%2Fcomments&post=2147"}],"version-history":[{"count":1,"href":"https:\/\/www.bosschaart.de\/blog\/index.php?rest_route=\/wp\/v2\/posts\/2147\/revisions"}],"predecessor-version":[{"id":2148,"href":"https:\/\/www.bosschaart.de\/blog\/index.php?rest_route=\/wp\/v2\/posts\/2147\/revisions\/2148"}],"wp:attachment":[{"href":"https:\/\/www.bosschaart.de\/blog\/index.php?rest_route=%2Fwp%2Fv2%2Fmedia&parent=2147"}],"wp:term":[{"taxonomy":"category","embeddable":true,"href":"https:\/\/www.bosschaart.de\/blog\/index.php?rest_route=%2Fwp%2Fv2%2Fcategories&post=2147"},{"taxonomy":"post_tag","embeddable":true,"href":"https:\/\/www.bosschaart.de\/blog\/index.php?rest_route=%2Fwp%2Fv2%2Ftags&post=2147"}],"curies":[{"name":"wp","href":"https:\/\/api.w.org\/{rel}","templated":true}]}}