{"id":24,"date":"2008-01-22T17:08:46","date_gmt":"2008-01-22T15:08:46","guid":{"rendered":"http:\/\/www.jan-bosschaart.de\/wordpress\/?p=24"},"modified":"2008-07-02T02:12:41","modified_gmt":"2008-07-02T00:12:41","slug":"weitsicht-und-vernunft","status":"publish","type":"post","link":"https:\/\/www.bosschaart.de\/blog\/?p=24","title":{"rendered":"Weitsicht und Vernunft"},"content":{"rendered":"<p><em>Jan Bosschaart \u00fcber den Stellenabbau im Brandenburger Strafvollzug <\/em><\/p>\n<p>Sie haben ja recht, die Vollzugsbediensteten: Es ist nicht eben einleuchtend, wenn allenthalben \u00fcber Kriminalit\u00e4t und sch\u00e4rferen Vollzug debattiert wird, zugleich aber viele Mitarbeiter aus den Haftanstalten entlassen werden. Wo Fordern und Handeln so auseinanderklaffen, kann der Ruf nach harten Strafen von seinem eigenen Echo \u00fcbert\u00f6nt werden, wie Hessens Ministerpr\u00e4sident Koch dieser Tage gerade lernt. In der Justiz sparen, aber mehr von ihr verlangen, passt nicht zusammen. Doch die naheliegende Politikerschelte trifft zumindest in der Mark auch nicht den Kern der Sache: Die Ministerien m\u00fcssen eben sparen, und angesichts leidlich guter Verh\u00e4ltnisse in den Haftanstalten \u2013 relativ viel Personal, relativ wenige Insassen \u2013 setzt die CDU-Ministerin eben dort den Rotstift an. Dass sie den Jugendvollzug verschont, ja sogar ein wenig mit Personal p\u00e4ppelt, spricht f\u00fcr Sensibilit\u00e4t und Weitsicht: Als das Jugendstrafvollzugsgesetz im Dezember den Landtag passierte, war der hessische Wahlkampf noch kein Spitzenthema. Dass Beate Blechinger statt mehr Schlie\u00dfern ausschlie\u00dflich Psychologen und P\u00e4dagogen zur Aufstockung des Personals heranzieht, zeigt zudem, dass hier auch Sachlichkeit und Vernunft walten k\u00f6nnen \u2013 trotz Wahlkampfs ihrer Partei in Hessen.<\/p>\n<p><em>Erschienen am 22.01.2008<\/em><\/p>\n","protected":false},"excerpt":{"rendered":"<p>Jan Bosschaart \u00fcber den Stellenabbau im Brandenburger Strafvollzug Sie haben ja recht, die Vollzugsbediensteten: Es ist nicht eben einleuchtend, wenn allenthalben \u00fcber Kriminalit\u00e4t und sch\u00e4rferen Vollzug debattiert wird, zugleich aber viele Mitarbeiter aus den Haftanstalten entlassen werden. Wo Fordern und Handeln so auseinanderklaffen, kann der Ruf nach harten Strafen von seinem eigenen Echo \u00fcbert\u00f6nt werden, [&hellip;]<\/p>\n","protected":false},"author":1,"featured_media":0,"comment_status":"open","ping_status":"open","sticky":false,"template":"","format":"standard","meta":{"jetpack_post_was_ever_published":false,"_jetpack_newsletter_access":"","_jetpack_dont_email_post_to_subs":false,"_jetpack_newsletter_tier_id":0,"_jetpack_memberships_contains_paywalled_content":false,"_jetpack_memberships_contains_paid_content":false,"footnotes":"","jetpack_publicize_message":"","jetpack_publicize_feature_enabled":true,"jetpack_social_post_already_shared":false,"jetpack_social_options":{"image_generator_settings":{"template":"highway","default_image_id":0,"font":"","enabled":false},"version":2}},"categories":[16,3,33,29,31,27,9],"tags":[],"class_list":["post-24","post","type-post","status-publish","format-standard","hentry","category-kommentar","category-maz","category-stilform","category-toho","category-publishedin","category-rating","category-ur"],"jetpack_publicize_connections":[],"jetpack_featured_media_url":"","jetpack_sharing_enabled":true,"jetpack_shortlink":"https:\/\/wp.me\/p2HHro-o","jetpack_likes_enabled":false,"_links":{"self":[{"href":"https:\/\/www.bosschaart.de\/blog\/index.php?rest_route=\/wp\/v2\/posts\/24","targetHints":{"allow":["GET"]}}],"collection":[{"href":"https:\/\/www.bosschaart.de\/blog\/index.php?rest_route=\/wp\/v2\/posts"}],"about":[{"href":"https:\/\/www.bosschaart.de\/blog\/index.php?rest_route=\/wp\/v2\/types\/post"}],"author":[{"embeddable":true,"href":"https:\/\/www.bosschaart.de\/blog\/index.php?rest_route=\/wp\/v2\/users\/1"}],"replies":[{"embeddable":true,"href":"https:\/\/www.bosschaart.de\/blog\/index.php?rest_route=%2Fwp%2Fv2%2Fcomments&post=24"}],"version-history":[{"count":0,"href":"https:\/\/www.bosschaart.de\/blog\/index.php?rest_route=\/wp\/v2\/posts\/24\/revisions"}],"wp:attachment":[{"href":"https:\/\/www.bosschaart.de\/blog\/index.php?rest_route=%2Fwp%2Fv2%2Fmedia&parent=24"}],"wp:term":[{"taxonomy":"category","embeddable":true,"href":"https:\/\/www.bosschaart.de\/blog\/index.php?rest_route=%2Fwp%2Fv2%2Fcategories&post=24"},{"taxonomy":"post_tag","embeddable":true,"href":"https:\/\/www.bosschaart.de\/blog\/index.php?rest_route=%2Fwp%2Fv2%2Ftags&post=24"}],"curies":[{"name":"wp","href":"https:\/\/api.w.org\/{rel}","templated":true}]}}