{"id":323,"date":"2007-12-18T14:17:37","date_gmt":"2007-12-18T12:17:37","guid":{"rendered":"http:\/\/www.jan-bosschaart.de\/wordpress\/?p=323"},"modified":"2008-07-09T14:19:13","modified_gmt":"2008-07-09T12:19:13","slug":"der-geist-der-weihnacht","status":"publish","type":"post","link":"https:\/\/www.bosschaart.de\/blog\/?p=323","title":{"rendered":"Der Geist der Weihnacht"},"content":{"rendered":"<p><em>Jan Bosschaart \u00fcber Spendenaktionen im Advent <\/em><\/p>\n<p>Ja wo ist er denn, der Geist der Weihnacht? Liegt er begraben unter Geschenkebergen? Ist er l\u00e4ngst totgedudelt von seichter Weihnachtsmusik, von Jingle Bells und Co. in der fahrstuhltauglichen Version? Oder ist er ertrunken im Gl\u00fchwein? Depressiv vom Weihnachts-Werbe-Wirbel? Es geh\u00f6rt mittlerweile zur adventlichen Folklore, sich \u2013 nicht zu Unrecht \u2013 \u00fcber die Kommerzialisierung und die Entzauberung des Weihnachtsfests zu beklagen und zugleich daran teilzunehmen. Das Verdammen von Spendeaktionen liegt an diesem Punkt der vorweihnachtlichen Debatte schon in der Luft wie der Kardamom beim Pl\u00e4tzchenbacken. \u201eWarum nur jetzt\u201c, hei\u00dft es dann meist mit betroffenem Augenaufschlag, \u201eNot gibt es doch das ganze Jahr!\u201c Das mag unter moralischen Qualit\u00e4tskriterien richtig sein, aber ginge es nicht etwas pragmatischer? Die Alternative zu Spenden, W\u00e4rme und Aufmerksamkeit vor dem Fest lautet doch nicht: dasselbe, das ganze Jahr \u00fcber, sondern: dann eben nicht. So betrachtet, sind gl\u00fcckliche Kinderaugen im Hotel, rund um die Integrationslaube oder in der Suppenk\u00fcche eindeutig die bessere Wahl. Genau dort n\u00e4mlich geht er um, der vielbeschworene Geist der Weihnacht. Trotz Geschenkebergen. Oder gerade darin.<\/p>\n<p><em>Erschienen am 18.12.2007<\/em><\/p>\n","protected":false},"excerpt":{"rendered":"<p>Jan Bosschaart \u00fcber Spendenaktionen im Advent Ja wo ist er denn, der Geist der Weihnacht? Liegt er begraben unter Geschenkebergen? Ist er l\u00e4ngst totgedudelt von seichter Weihnachtsmusik, von Jingle Bells und Co. in der fahrstuhltauglichen Version? Oder ist er ertrunken im Gl\u00fchwein? Depressiv vom Weihnachts-Werbe-Wirbel? Es geh\u00f6rt mittlerweile zur adventlichen Folklore, sich \u2013 nicht zu [&hellip;]<\/p>\n","protected":false},"author":1,"featured_media":0,"comment_status":"open","ping_status":"open","sticky":false,"template":"","format":"standard","meta":{"jetpack_post_was_ever_published":false,"_jetpack_newsletter_access":"","_jetpack_dont_email_post_to_subs":false,"_jetpack_newsletter_tier_id":0,"_jetpack_memberships_contains_paywalled_content":false,"_jetpack_memberships_contains_paid_content":false,"footnotes":"","jetpack_publicize_message":"","jetpack_publicize_feature_enabled":true,"jetpack_social_post_already_shared":false,"jetpack_social_options":{"image_generator_settings":{"template":"highway","default_image_id":0,"font":"","enabled":false},"version":2}},"categories":[16,3,11,33,29,31,27],"tags":[],"class_list":["post-323","post","type-post","status-publish","format-standard","hentry","category-kommentar","category-maz","category-pdm","category-stilform","category-toho","category-publishedin","category-rating"],"jetpack_publicize_connections":[],"jetpack_featured_media_url":"","jetpack_sharing_enabled":true,"jetpack_shortlink":"https:\/\/wp.me\/p2HHro-5d","jetpack_likes_enabled":false,"_links":{"self":[{"href":"https:\/\/www.bosschaart.de\/blog\/index.php?rest_route=\/wp\/v2\/posts\/323","targetHints":{"allow":["GET"]}}],"collection":[{"href":"https:\/\/www.bosschaart.de\/blog\/index.php?rest_route=\/wp\/v2\/posts"}],"about":[{"href":"https:\/\/www.bosschaart.de\/blog\/index.php?rest_route=\/wp\/v2\/types\/post"}],"author":[{"embeddable":true,"href":"https:\/\/www.bosschaart.de\/blog\/index.php?rest_route=\/wp\/v2\/users\/1"}],"replies":[{"embeddable":true,"href":"https:\/\/www.bosschaart.de\/blog\/index.php?rest_route=%2Fwp%2Fv2%2Fcomments&post=323"}],"version-history":[{"count":0,"href":"https:\/\/www.bosschaart.de\/blog\/index.php?rest_route=\/wp\/v2\/posts\/323\/revisions"}],"wp:attachment":[{"href":"https:\/\/www.bosschaart.de\/blog\/index.php?rest_route=%2Fwp%2Fv2%2Fmedia&parent=323"}],"wp:term":[{"taxonomy":"category","embeddable":true,"href":"https:\/\/www.bosschaart.de\/blog\/index.php?rest_route=%2Fwp%2Fv2%2Fcategories&post=323"},{"taxonomy":"post_tag","embeddable":true,"href":"https:\/\/www.bosschaart.de\/blog\/index.php?rest_route=%2Fwp%2Fv2%2Ftags&post=323"}],"curies":[{"name":"wp","href":"https:\/\/api.w.org\/{rel}","templated":true}]}}